{"id":1061,"date":"2023-10-30T21:17:18","date_gmt":"2023-10-30T20:17:18","guid":{"rendered":"https:\/\/zmthungary.hu\/2023\/10\/30\/preisverleihung-der-verantwortungsvolle-arbeitgeber-2023\/"},"modified":"2023-11-24T14:59:50","modified_gmt":"2023-11-24T13:59:50","slug":"preisverleihung-der-verantwortungsvolle-arbeitgeber-2023","status":"publish","type":"post","link":"https:\/\/zmthungary.hu\/de\/2023\/10\/30\/preisverleihung-der-verantwortungsvolle-arbeitgeber-2023\/","title":{"rendered":"Preisverleihung \u201eDer verantwortungsvolle Arbeitgeber 2023\u201c"},"content":{"rendered":"<p>An diesem Tag habe ich eine Auszeichnung f\u00fcr den I. Platz in der Kategorie \u201eF\u00fcr Jugendliche\u201c am OFA-Galaabend mit Preisverleihung \u201eDer verantwortungsvoller Arbeitgeber 2023\u201c <strong>vom M\u00e1rton Nagy, Minister f\u00fcr wirtschaftliche Entwicklung und Dr. S\u00e1ndor Czomba, Staatssekret\u00e4r.<\/strong><!--more--><\/p>\n<p>Ich denke, es ist eine gro\u00dfe Anerkennung f\u00fcr uns, als Erste in dieser Kategorie in Ungarn zu sein und damit legen wir einen gro\u00dfen Wert auf die damit verbundenen Pflichte und auf die Weitergabe von Wissen und Good Practices.<\/p>\n","protected":false},"excerpt":{"rendered":"<p>An diesem Tag habe ich eine Auszeichnung f\u00fcr den I. Platz in der Kategorie \u201eF\u00fcr Jugendliche\u201c am OFA-Galaabend mit Preisverleihung \u201eDer verantwortungsvoller Arbeitgeber 2023\u201c vom M\u00e1rton Nagy, Minister f\u00fcr wirtschaftliche Entwicklung und Dr. S\u00e1ndor Czomba, Staatssekret\u00e4r.<\/p>\n","protected":false},"author":1,"featured_media":946,"comment_status":"closed","ping_status":"closed","sticky":false,"template":"","format":"standard","meta":{"footnotes":""},"categories":[17],"tags":[],"class_list":["post-1061","post","type-post","status-publish","format-standard","has-post-thumbnail","hentry","category-news-de"],"yoast_head":"<!-- This site is optimized with the Yoast SEO plugin v25.2 - https:\/\/yoast.com\/wordpress\/plugins\/seo\/ -->\n<title>Preisverleihung \u201eDer verantwortungsvolle Arbeitgeber 2023\u201c - ZMT Hungary Kft.<\/title>\n<meta name=\"robots\" content=\"index, follow, max-snippet:-1, max-image-preview:large, max-video-preview:-1\" \/>\n<link rel=\"canonical\" href=\"https:\/\/zmthungary.hu\/de\/2023\/10\/30\/preisverleihung-der-verantwortungsvolle-arbeitgeber-2023\/\" \/>\n<meta property=\"og:locale\" content=\"de_DE\" \/>\n<meta property=\"og:type\" content=\"article\" \/>\n<meta property=\"og:title\" content=\"Preisverleihung \u201eDer verantwortungsvolle Arbeitgeber 2023\u201c - ZMT Hungary Kft.\" \/>\n<meta property=\"og:description\" content=\"An diesem Tag habe ich eine Auszeichnung f\u00fcr den I. Platz in der Kategorie \u201eF\u00fcr Jugendliche\u201c am OFA-Galaabend mit Preisverleihung \u201eDer verantwortungsvoller Arbeitgeber 2023\u201c vom M\u00e1rton Nagy, Minister f\u00fcr wirtschaftliche Entwicklung und Dr. S\u00e1ndor Czomba, Staatssekret\u00e4r.\" \/>\n<meta property=\"og:url\" content=\"https:\/\/zmthungary.hu\/de\/2023\/10\/30\/preisverleihung-der-verantwortungsvolle-arbeitgeber-2023\/\" \/>\n<meta property=\"og:site_name\" content=\"ZMT Hungary Kft.\" \/>\n<meta property=\"article:published_time\" content=\"2023-10-30T20:17:18+00:00\" \/>\n<meta property=\"article:modified_time\" content=\"2023-11-24T13:59:50+00:00\" \/>\n<meta property=\"og:image\" content=\"https:\/\/zmthungary.hu\/wp-content\/uploads\/2023\/11\/ev_felelos_foglalkoztatoja_fiatalokert_kulondij_2023.webp\" \/>\n\t<meta property=\"og:image:width\" content=\"1200\" \/>\n\t<meta property=\"og:image:height\" content=\"1600\" \/>\n\t<meta property=\"og:image:type\" content=\"image\/webp\" \/>\n<meta name=\"author\" content=\"ZmtAdmHuN\" \/>\n<meta name=\"twitter:card\" content=\"summary_large_image\" \/>\n<meta name=\"twitter:label1\" content=\"Verfasst von\" \/>\n\t<meta name=\"twitter:data1\" content=\"ZmtAdmHuN\" \/>\n\t<meta name=\"twitter:label2\" content=\"Gesch\u00e4tzte Lesezeit\" \/>\n\t<meta name=\"twitter:data2\" content=\"1\u00a0Minute\" \/>\n<script type=\"application\/ld+json\" class=\"yoast-schema-graph\">{\"@context\":\"https:\/\/schema.org\",\"@graph\":[{\"@type\":\"WebPage\",\"@id\":\"https:\/\/zmthungary.hu\/de\/2023\/10\/30\/preisverleihung-der-verantwortungsvolle-arbeitgeber-2023\/\",\"url\":\"https:\/\/zmthungary.hu\/de\/2023\/10\/30\/preisverleihung-der-verantwortungsvolle-arbeitgeber-2023\/\",\"name\":\"Preisverleihung \u201eDer verantwortungsvolle Arbeitgeber 2023\u201c - ZMT Hungary Kft.\",\"isPartOf\":{\"@id\":\"https:\/\/zmthungary.hu\/de\/#website\"},\"primaryImageOfPage\":{\"@id\":\"https:\/\/zmthungary.hu\/de\/2023\/10\/30\/preisverleihung-der-verantwortungsvolle-arbeitgeber-2023\/#primaryimage\"},\"image\":{\"@id\":\"https:\/\/zmthungary.hu\/de\/2023\/10\/30\/preisverleihung-der-verantwortungsvolle-arbeitgeber-2023\/#primaryimage\"},\"thumbnailUrl\":\"https:\/\/zmthungary.hu\/wp-content\/uploads\/2023\/11\/ev_felelos_foglalkoztatoja_fiatalokert_kulondij_2023.webp\",\"datePublished\":\"2023-10-30T20:17:18+00:00\",\"dateModified\":\"2023-11-24T13:59:50+00:00\",\"author\":{\"@id\":\"https:\/\/zmthungary.hu\/de\/#\/schema\/person\/26475805db1b09e2079dd4dd969ae22f\"},\"breadcrumb\":{\"@id\":\"https:\/\/zmthungary.hu\/de\/2023\/10\/30\/preisverleihung-der-verantwortungsvolle-arbeitgeber-2023\/#breadcrumb\"},\"inLanguage\":\"de\",\"potentialAction\":[{\"@type\":\"ReadAction\",\"target\":[\"https:\/\/zmthungary.hu\/de\/2023\/10\/30\/preisverleihung-der-verantwortungsvolle-arbeitgeber-2023\/\"]}]},{\"@type\":\"ImageObject\",\"inLanguage\":\"de\",\"@id\":\"https:\/\/zmthungary.hu\/de\/2023\/10\/30\/preisverleihung-der-verantwortungsvolle-arbeitgeber-2023\/#primaryimage\",\"url\":\"https:\/\/zmthungary.hu\/wp-content\/uploads\/2023\/11\/ev_felelos_foglalkoztatoja_fiatalokert_kulondij_2023.webp\",\"contentUrl\":\"https:\/\/zmthungary.hu\/wp-content\/uploads\/2023\/11\/ev_felelos_foglalkoztatoja_fiatalokert_kulondij_2023.webp\",\"width\":1200,\"height\":1600},{\"@type\":\"BreadcrumbList\",\"@id\":\"https:\/\/zmthungary.hu\/de\/2023\/10\/30\/preisverleihung-der-verantwortungsvolle-arbeitgeber-2023\/#breadcrumb\",\"itemListElement\":[{\"@type\":\"ListItem\",\"position\":1,\"name\":\"Kezd\u0151lap\",\"item\":\"https:\/\/zmthungary.hu\/de\/\"},{\"@type\":\"ListItem\",\"position\":2,\"name\":\"Preisverleihung \u201eDer verantwortungsvolle Arbeitgeber 2023\u201c\"}]},{\"@type\":\"WebSite\",\"@id\":\"https:\/\/zmthungary.hu\/de\/#website\",\"url\":\"https:\/\/zmthungary.hu\/de\/\",\"name\":\"ZMT Hungary Kft.\",\"description\":\"Make it cool...\",\"potentialAction\":[{\"@type\":\"SearchAction\",\"target\":{\"@type\":\"EntryPoint\",\"urlTemplate\":\"https:\/\/zmthungary.hu\/de\/?s={search_term_string}\"},\"query-input\":{\"@type\":\"PropertyValueSpecification\",\"valueRequired\":true,\"valueName\":\"search_term_string\"}}],\"inLanguage\":\"de\"},{\"@type\":\"Person\",\"@id\":\"https:\/\/zmthungary.hu\/de\/#\/schema\/person\/26475805db1b09e2079dd4dd969ae22f\",\"name\":\"ZmtAdmHuN\",\"image\":{\"@type\":\"ImageObject\",\"inLanguage\":\"de\",\"@id\":\"https:\/\/zmthungary.hu\/de\/#\/schema\/person\/image\/\",\"url\":\"https:\/\/secure.gravatar.com\/avatar\/a21a593e502f4c57c130bbb5b43400b702b3bda74e046982d63bd2da19f46f34?s=96&d=mm&r=g\",\"contentUrl\":\"https:\/\/secure.gravatar.com\/avatar\/a21a593e502f4c57c130bbb5b43400b702b3bda74e046982d63bd2da19f46f34?s=96&d=mm&r=g\",\"caption\":\"ZmtAdmHuN\"},\"sameAs\":[\"http:\/\/www.zmthungary.hu\"],\"url\":\"https:\/\/zmthungary.hu\/de\/author\/zmtadmhun\/\"}]}<\/script>\n<!-- \/ Yoast SEO plugin. -->","yoast_head_json":{"title":"Preisverleihung \u201eDer verantwortungsvolle Arbeitgeber 2023\u201c - ZMT Hungary Kft.","robots":{"index":"index","follow":"follow","max-snippet":"max-snippet:-1","max-image-preview":"max-image-preview:large","max-video-preview":"max-video-preview:-1"},"canonical":"https:\/\/zmthungary.hu\/de\/2023\/10\/30\/preisverleihung-der-verantwortungsvolle-arbeitgeber-2023\/","og_locale":"de_DE","og_type":"article","og_title":"Preisverleihung \u201eDer verantwortungsvolle Arbeitgeber 2023\u201c - ZMT Hungary Kft.","og_description":"An diesem Tag habe ich eine Auszeichnung f\u00fcr den I. Platz in der Kategorie \u201eF\u00fcr Jugendliche\u201c am OFA-Galaabend mit Preisverleihung \u201eDer verantwortungsvoller Arbeitgeber 2023\u201c vom M\u00e1rton Nagy, Minister f\u00fcr wirtschaftliche Entwicklung und Dr. S\u00e1ndor Czomba, Staatssekret\u00e4r.","og_url":"https:\/\/zmthungary.hu\/de\/2023\/10\/30\/preisverleihung-der-verantwortungsvolle-arbeitgeber-2023\/","og_site_name":"ZMT Hungary Kft.","article_published_time":"2023-10-30T20:17:18+00:00","article_modified_time":"2023-11-24T13:59:50+00:00","og_image":[{"width":1200,"height":1600,"url":"https:\/\/zmthungary.hu\/wp-content\/uploads\/2023\/11\/ev_felelos_foglalkoztatoja_fiatalokert_kulondij_2023.webp","type":"image\/webp"}],"author":"ZmtAdmHuN","twitter_card":"summary_large_image","twitter_misc":{"Verfasst von":"ZmtAdmHuN","Gesch\u00e4tzte Lesezeit":"1\u00a0Minute"},"schema":{"@context":"https:\/\/schema.org","@graph":[{"@type":"WebPage","@id":"https:\/\/zmthungary.hu\/de\/2023\/10\/30\/preisverleihung-der-verantwortungsvolle-arbeitgeber-2023\/","url":"https:\/\/zmthungary.hu\/de\/2023\/10\/30\/preisverleihung-der-verantwortungsvolle-arbeitgeber-2023\/","name":"Preisverleihung \u201eDer verantwortungsvolle Arbeitgeber 2023\u201c - ZMT Hungary Kft.","isPartOf":{"@id":"https:\/\/zmthungary.hu\/de\/#website"},"primaryImageOfPage":{"@id":"https:\/\/zmthungary.hu\/de\/2023\/10\/30\/preisverleihung-der-verantwortungsvolle-arbeitgeber-2023\/#primaryimage"},"image":{"@id":"https:\/\/zmthungary.hu\/de\/2023\/10\/30\/preisverleihung-der-verantwortungsvolle-arbeitgeber-2023\/#primaryimage"},"thumbnailUrl":"https:\/\/zmthungary.hu\/wp-content\/uploads\/2023\/11\/ev_felelos_foglalkoztatoja_fiatalokert_kulondij_2023.webp","datePublished":"2023-10-30T20:17:18+00:00","dateModified":"2023-11-24T13:59:50+00:00","author":{"@id":"https:\/\/zmthungary.hu\/de\/#\/schema\/person\/26475805db1b09e2079dd4dd969ae22f"},"breadcrumb":{"@id":"https:\/\/zmthungary.hu\/de\/2023\/10\/30\/preisverleihung-der-verantwortungsvolle-arbeitgeber-2023\/#breadcrumb"},"inLanguage":"de","potentialAction":[{"@type":"ReadAction","target":["https:\/\/zmthungary.hu\/de\/2023\/10\/30\/preisverleihung-der-verantwortungsvolle-arbeitgeber-2023\/"]}]},{"@type":"ImageObject","inLanguage":"de","@id":"https:\/\/zmthungary.hu\/de\/2023\/10\/30\/preisverleihung-der-verantwortungsvolle-arbeitgeber-2023\/#primaryimage","url":"https:\/\/zmthungary.hu\/wp-content\/uploads\/2023\/11\/ev_felelos_foglalkoztatoja_fiatalokert_kulondij_2023.webp","contentUrl":"https:\/\/zmthungary.hu\/wp-content\/uploads\/2023\/11\/ev_felelos_foglalkoztatoja_fiatalokert_kulondij_2023.webp","width":1200,"height":1600},{"@type":"BreadcrumbList","@id":"https:\/\/zmthungary.hu\/de\/2023\/10\/30\/preisverleihung-der-verantwortungsvolle-arbeitgeber-2023\/#breadcrumb","itemListElement":[{"@type":"ListItem","position":1,"name":"Kezd\u0151lap","item":"https:\/\/zmthungary.hu\/de\/"},{"@type":"ListItem","position":2,"name":"Preisverleihung \u201eDer verantwortungsvolle Arbeitgeber 2023\u201c"}]},{"@type":"WebSite","@id":"https:\/\/zmthungary.hu\/de\/#website","url":"https:\/\/zmthungary.hu\/de\/","name":"ZMT Hungary Kft.","description":"Make it cool...","potentialAction":[{"@type":"SearchAction","target":{"@type":"EntryPoint","urlTemplate":"https:\/\/zmthungary.hu\/de\/?s={search_term_string}"},"query-input":{"@type":"PropertyValueSpecification","valueRequired":true,"valueName":"search_term_string"}}],"inLanguage":"de"},{"@type":"Person","@id":"https:\/\/zmthungary.hu\/de\/#\/schema\/person\/26475805db1b09e2079dd4dd969ae22f","name":"ZmtAdmHuN","image":{"@type":"ImageObject","inLanguage":"de","@id":"https:\/\/zmthungary.hu\/de\/#\/schema\/person\/image\/","url":"https:\/\/secure.gravatar.com\/avatar\/a21a593e502f4c57c130bbb5b43400b702b3bda74e046982d63bd2da19f46f34?s=96&d=mm&r=g","contentUrl":"https:\/\/secure.gravatar.com\/avatar\/a21a593e502f4c57c130bbb5b43400b702b3bda74e046982d63bd2da19f46f34?s=96&d=mm&r=g","caption":"ZmtAdmHuN"},"sameAs":["http:\/\/www.zmthungary.hu"],"url":"https:\/\/zmthungary.hu\/de\/author\/zmtadmhun\/"}]}},"_links":{"self":[{"href":"https:\/\/zmthungary.hu\/de\/wp-json\/wp\/v2\/posts\/1061","targetHints":{"allow":["GET"]}}],"collection":[{"href":"https:\/\/zmthungary.hu\/de\/wp-json\/wp\/v2\/posts"}],"about":[{"href":"https:\/\/zmthungary.hu\/de\/wp-json\/wp\/v2\/types\/post"}],"author":[{"embeddable":true,"href":"https:\/\/zmthungary.hu\/de\/wp-json\/wp\/v2\/users\/1"}],"replies":[{"embeddable":true,"href":"https:\/\/zmthungary.hu\/de\/wp-json\/wp\/v2\/comments?post=1061"}],"version-history":[{"count":1,"href":"https:\/\/zmthungary.hu\/de\/wp-json\/wp\/v2\/posts\/1061\/revisions"}],"predecessor-version":[{"id":1201,"href":"https:\/\/zmthungary.hu\/de\/wp-json\/wp\/v2\/posts\/1061\/revisions\/1201"}],"wp:featuredmedia":[{"embeddable":true,"href":"https:\/\/zmthungary.hu\/de\/wp-json\/wp\/v2\/media\/946"}],"wp:attachment":[{"href":"https:\/\/zmthungary.hu\/de\/wp-json\/wp\/v2\/media?parent=1061"}],"wp:term":[{"taxonomy":"category","embeddable":true,"href":"https:\/\/zmthungary.hu\/de\/wp-json\/wp\/v2\/categories?post=1061"},{"taxonomy":"post_tag","embeddable":true,"href":"https:\/\/zmthungary.hu\/de\/wp-json\/wp\/v2\/tags?post=1061"}],"curies":[{"name":"wp","href":"https:\/\/api.w.org\/{rel}","templated":true}]}}